{"id":54786,"date":"2026-08-31T09:45:54","date_gmt":"2026-08-31T07:45:54","guid":{"rendered":"https:\/\/haut-lac.ch\/?p=54786"},"modified":"2026-08-31T09:45:57","modified_gmt":"2026-08-31T07:45:57","slug":"haut-lac-ski-academy","status":"publish","type":"post","link":"https:\/\/haut-lac.ch\/fr\/haut-lac-ski-academy\/","title":{"rendered":"Haut-Lac lance la Ski Academy pour 2026-27"},"content":{"rendered":"\n<p class=\"wp-block-paragraph\">Votre enfant skie sur tout le domaine et r\u00eave de comp\u00e9tition ? La nouvelle Haut-Lac Ski Academy ouvre cette ann\u00e9e pour les \u00e9l\u00e8ves de P2 \u00e0 IB2 pr\u00eats \u00e0 passer \u00e0 la vitesse sup\u00e9rieure.<\/p>\n\n\n\n<p class=\"wp-block-paragraph\">La <a href=\"https:\/\/info.haut-lac.ch\/fr\/haut-lac-ski-academy-26-27\" data-type=\"link\" data-id=\"https:\/\/info.haut-lac.ch\/fr\/haut-lac-ski-academy-26-27\">Ski Academy<\/a> prend la suite de l&#8217;\u00e9quipe de ski Haut-Lac avec un programme plus structur\u00e9, plus encadr\u00e9, et une saison enti\u00e8re d&#8217;entra\u00eenement et de comp\u00e9tition aux Portes-du-Soleil. \u00c0 l&#8217;inscription, chaque \u00e9l\u00e8ve rejoint l&#8217;une des deux fili\u00e8res selon son niveau.<\/p>\n\n\n\n<p class=\"wp-block-paragraph\">La Race Academy est pour les skieurs avanc\u00e9s qui visent le podium. Deux s\u00e9ances par semaine avec les coachs professionnels de M3S, entra\u00eenement en portes, journ\u00e9es de comp\u00e9tition et calendrier complet de courses inter-\u00e9coles&#8230; et toute la saison \u00e0 d\u00e9fendre les couleurs de Haut-Lac.<\/p>\n\n\n\n<p class=\"wp-block-paragraph\">La Development Academy s&#8217;adresse aux bons skieurs qui veulent entrer dans la comp\u00e9tition. Le travail porte sur la technique et la pr\u00e9cision, avec un objectif en ligne de mire : int\u00e9grer la Race Academy \u00e0 l&#8217;issue de la saison.<\/p>\n\n\n\n<p class=\"wp-block-paragraph\">Les deux fili\u00e8res s&#8217;entra\u00eenent le mercredi et le samedi. Le tarif de CHF 1 300 comprend le forfait de saison Portes-du-Soleil, le coaching professionnel avec M3S, le kit de la Ski Academy, la pr\u00e9paration physique d&#8217;avant-saison, le transport et les collations.<\/p>\n\n\n\n<p class=\"wp-block-paragraph\">Les inscriptions ont ouvert le trimestre dernier et des places sont encore disponibles. <a href=\"https:\/\/forms.gle\/aXUYrgoZG1MDpkebA\">Inscrivez-vous ici<\/a> ou contactez <a href=\"mailto:callum.robertson@haut-lac.ch\">Callum Robertson<\/a> pour toute question.<\/p>\n","protected":false},"excerpt":{"rendered":"<p>Votre enfant skie sur tout le domaine et r\u00eave de comp\u00e9tition ? La nouvelle Haut-Lac Ski Academy ouvre cette ann\u00e9e pour les \u00e9l\u00e8ves de P2 \u00e0 IB2 pr\u00eats \u00e0 passer \u00e0 la vitesse sup\u00e9rieure.<\/p>\n","protected":false},"author":11,"featured_media":54785,"comment_status":"open","ping_status":"open","sticky":false,"template":"","format":"standard","meta":{"_acf_changed":false,"content-type":"","footnotes":""},"categories":[571],"tags":[493,753,752],"class_list":["post-54786","post","type-post","status-publish","format-standard","has-post-thumbnail","hentry","category-actualites","tag-course-de-ski","tag-haut-lac-ski-academy","tag-programme-de-ski-de-competition"],"acf":[],"yoast_head":"<!-- This site is optimized with the Yoast SEO plugin v28.3 - https:\/\/yoast.com\/product\/yoast-seo-wordpress\/ -->\n<title>Haut-Lac Ski Academy | Programme ski de comp\u00e9tition, Suisse<\/title>\n<meta name=\"description\" content=\"Encadrement de comp\u00e9tition \u00e0 Portes-du-Soleil pour les bons skieurs de P2 \u00e0 IB2. Haut-Lac Ski Academy, St-L\u00e9gier. Tout compris pour CHF 1300.\" \/>\n<meta name=\"robots\" content=\"index, follow, max-snippet:-1, max-image-preview:large, max-video-preview:-1\" \/>\n<link rel=\"canonical\" href=\"https:\/\/haut-lac.ch\/fr\/haut-lac-ski-academy\/\" \/>\n<meta property=\"og:locale\" content=\"fr_FR\" \/>\n<meta property=\"og:type\" content=\"article\" \/>\n<meta property=\"og:title\" content=\"Haut-Lac Ski Academy | Programme ski de comp\u00e9tition, Suisse\" \/>\n<meta property=\"og:description\" content=\"Encadrement de comp\u00e9tition \u00e0 Portes-du-Soleil pour les bons skieurs de P2 \u00e0 IB2. Haut-Lac Ski Academy, St-L\u00e9gier. Tout compris pour CHF 1300.\" \/>\n<meta property=\"og:url\" content=\"https:\/\/haut-lac.ch\/fr\/haut-lac-ski-academy\/\" \/>\n<meta property=\"og:site_name\" content=\"Haut Lac\" \/>\n<meta property=\"article:publisher\" content=\"https:\/\/www.facebook.com\/hautlac\/\" \/>\n<meta property=\"article:published_time\" content=\"2026-08-31T07:45:54+00:00\" \/>\n<meta property=\"article:modified_time\" content=\"2026-08-31T07:45:57+00:00\" \/>\n<meta property=\"og:image\" content=\"https:\/\/haut-lac.ch\/wp-content\/uploads\/2026\/08\/Copie-de-Blog-Header-Photo-Format-4-1024x624.png\" \/>\n\t<meta property=\"og:image:width\" content=\"1024\" \/>\n\t<meta property=\"og:image:height\" content=\"624\" \/>\n\t<meta property=\"og:image:type\" content=\"image\/png\" \/>\n<meta name=\"author\" content=\"Emma\" \/>\n<meta name=\"twitter:card\" content=\"summary_large_image\" \/>\n<meta name=\"twitter:label1\" content=\"Written by\" \/>\n\t<meta name=\"twitter:data1\" content=\"Emma\" \/>\n\t<meta name=\"twitter:label2\" content=\"Est. reading time\" \/>\n\t<meta name=\"twitter:data2\" content=\"2 minutes\" \/>\n<!-- \/ Yoast SEO plugin. -->","yoast_head_json":{"title":"Haut-Lac Ski Academy | Programme ski de comp\u00e9tition, Suisse","description":"Encadrement de comp\u00e9tition \u00e0 Portes-du-Soleil pour les bons skieurs de P2 \u00e0 IB2. Haut-Lac Ski Academy, St-L\u00e9gier. Tout compris pour CHF 1300.","robots":{"index":"index","follow":"follow","max-snippet":"max-snippet:-1","max-image-preview":"max-image-preview:large","max-video-preview":"max-video-preview:-1"},"canonical":"https:\/\/haut-lac.ch\/fr\/haut-lac-ski-academy\/","og_locale":"fr_FR","og_type":"article","og_title":"Haut-Lac Ski Academy | Programme ski de comp\u00e9tition, Suisse","og_description":"Encadrement de comp\u00e9tition \u00e0 Portes-du-Soleil pour les bons skieurs de P2 \u00e0 IB2. Haut-Lac Ski Academy, St-L\u00e9gier. Tout compris pour CHF 1300.","og_url":"https:\/\/haut-lac.ch\/fr\/haut-lac-ski-academy\/","og_site_name":"Haut Lac","article_publisher":"https:\/\/www.facebook.com\/hautlac\/","article_published_time":"2026-08-31T07:45:54+00:00","article_modified_time":"2026-08-31T07:45:57+00:00","og_image":[{"width":1024,"height":624,"url":"https:\/\/haut-lac.ch\/wp-content\/uploads\/2026\/08\/Copie-de-Blog-Header-Photo-Format-4-1024x624.png","type":"image\/png"}],"author":"Emma","twitter_card":"summary_large_image","twitter_misc":{"Written by":"Emma","Est. reading time":"2 minutes"},"schema":{"@context":"https:\/\/schema.org","@graph":[{"@type":"Article","@id":"https:\/\/haut-lac.ch\/fr\/haut-lac-ski-academy\/#article","isPartOf":{"@id":"https:\/\/haut-lac.ch\/fr\/haut-lac-ski-academy\/"},"author":{"name":"Emma","@id":"https:\/\/haut-lac.ch\/fr\/#\/schema\/person\/5b1f2b5ab5ce975e02448fcdf278284d"},"headline":"Haut-Lac lance la Ski Academy pour 2026-27","datePublished":"2026-08-31T07:45:54+00:00","dateModified":"2026-08-31T07:45:57+00:00","mainEntityOfPage":{"@id":"https:\/\/haut-lac.ch\/fr\/haut-lac-ski-academy\/"},"wordCount":251,"commentCount":0,"publisher":{"@id":"https:\/\/haut-lac.ch\/fr\/#organization"},"image":{"@id":"https:\/\/haut-lac.ch\/fr\/haut-lac-ski-academy\/#primaryimage"},"thumbnailUrl":"https:\/\/haut-lac.ch\/wp-content\/uploads\/2026\/08\/Copie-de-Blog-Header-Photo-Format-4.png","keywords":["course de ski","haut-lac ski academy","programme de ski de comp\u00e9tition"],"articleSection":["Actualit\u00e9s"],"inLanguage":"fr","potentialAction":[{"@type":"CommentAction","name":"Comment","target":["https:\/\/haut-lac.ch\/fr\/haut-lac-ski-academy\/#respond"]}]},{"@type":"WebPage","@id":"https:\/\/haut-lac.ch\/fr\/haut-lac-ski-academy\/","url":"https:\/\/haut-lac.ch\/fr\/haut-lac-ski-academy\/","name":"Haut-Lac Ski Academy | Programme ski de comp\u00e9tition, Suisse","isPartOf":{"@id":"https:\/\/haut-lac.ch\/fr\/#website"},"primaryImageOfPage":{"@id":"https:\/\/haut-lac.ch\/fr\/haut-lac-ski-academy\/#primaryimage"},"image":{"@id":"https:\/\/haut-lac.ch\/fr\/haut-lac-ski-academy\/#primaryimage"},"thumbnailUrl":"https:\/\/haut-lac.ch\/wp-content\/uploads\/2026\/08\/Copie-de-Blog-Header-Photo-Format-4.png","datePublished":"2026-08-31T07:45:54+00:00","dateModified":"2026-08-31T07:45:57+00:00","description":"Encadrement de comp\u00e9tition \u00e0 Portes-du-Soleil pour les bons skieurs de P2 \u00e0 IB2. Haut-Lac Ski Academy, St-L\u00e9gier. Tout compris pour CHF 1300.","breadcrumb":{"@id":"https:\/\/haut-lac.ch\/fr\/haut-lac-ski-academy\/#breadcrumb"},"inLanguage":"fr","potentialAction":[{"@type":"ReadAction","target":["https:\/\/haut-lac.ch\/fr\/haut-lac-ski-academy\/"]}]},{"@type":"ImageObject","inLanguage":"fr","@id":"https:\/\/haut-lac.ch\/fr\/haut-lac-ski-academy\/#primaryimage","url":"https:\/\/haut-lac.ch\/wp-content\/uploads\/2026\/08\/Copie-de-Blog-Header-Photo-Format-4.png","contentUrl":"https:\/\/haut-lac.ch\/wp-content\/uploads\/2026\/08\/Copie-de-Blog-Header-Photo-Format-4.png","width":2200,"height":1340,"caption":"Haut-Lac ski racing programme"},{"@type":"BreadcrumbList","@id":"https:\/\/haut-lac.ch\/fr\/haut-lac-ski-academy\/#breadcrumb","itemListElement":[{"@type":"ListItem","position":1,"name":"Home","item":"https:\/\/haut-lac.ch\/fr\/"},{"@type":"ListItem","position":2,"name":"Haut-Lac lance la Ski Academy pour 2026-27"}]},{"@type":"WebSite","@id":"https:\/\/haut-lac.ch\/fr\/#website","url":"https:\/\/haut-lac.ch\/fr\/","name":"Haut-Lac International Bilingual School","description":"Live. Learn. Achieve","publisher":{"@id":"https:\/\/haut-lac.ch\/fr\/#organization"},"alternateName":"Haut-Lac School","potentialAction":[{"@type":"SearchAction","target":{"@type":"EntryPoint","urlTemplate":"https:\/\/haut-lac.ch\/fr\/?s={search_term_string}"},"query-input":{"@type":"PropertyValueSpecification","valueRequired":true,"valueName":"search_term_string"}}],"inLanguage":"fr"},{"@type":"Organization","@id":"https:\/\/haut-lac.ch\/fr\/#organization","name":"Haut-Lac International Bilingual School","url":"https:\/\/haut-lac.ch\/fr\/","logo":{"@type":"ImageObject","inLanguage":"fr","@id":"https:\/\/haut-lac.ch\/fr\/#\/schema\/logo\/image\/","url":"https:\/\/haut-lac.ch\/wp-content\/uploads\/2024\/10\/HL_logo_informal.png","contentUrl":"https:\/\/haut-lac.ch\/wp-content\/uploads\/2024\/10\/HL_logo_informal.png","width":591,"height":429,"caption":"Haut-Lac International Bilingual School"},"image":{"@id":"https:\/\/haut-lac.ch\/fr\/#\/schema\/logo\/image\/"},"sameAs":["https:\/\/www.facebook.com\/hautlac\/","https:\/\/www.instagram.com\/hautlac\/","https:\/\/www.linkedin.com\/school\/haut-lac-international-bilingual-school","https:\/\/www.tiktok.com\/@hautlacschool"]},{"@type":"Person","@id":"https:\/\/haut-lac.ch\/fr\/#\/schema\/person\/5b1f2b5ab5ce975e02448fcdf278284d","name":"Emma","image":{"@type":"ImageObject","inLanguage":"fr","@id":"https:\/\/secure.gravatar.com\/avatar\/d006f3747bc865298ca59be76e50336d87563fd67eb418577d37d8882397abd2?s=96&d=mm&r=g","url":"https:\/\/secure.gravatar.com\/avatar\/d006f3747bc865298ca59be76e50336d87563fd67eb418577d37d8882397abd2?s=96&d=mm&r=g","contentUrl":"https:\/\/secure.gravatar.com\/avatar\/d006f3747bc865298ca59be76e50336d87563fd67eb418577d37d8882397abd2?s=96&d=mm&r=g","caption":"Emma"}}]}},"_links":{"self":[{"href":"https:\/\/haut-lac.ch\/fr\/wp-json\/wp\/v2\/posts\/54786","targetHints":{"allow":["GET"]}}],"collection":[{"href":"https:\/\/haut-lac.ch\/fr\/wp-json\/wp\/v2\/posts"}],"about":[{"href":"https:\/\/haut-lac.ch\/fr\/wp-json\/wp\/v2\/types\/post"}],"author":[{"embeddable":true,"href":"https:\/\/haut-lac.ch\/fr\/wp-json\/wp\/v2\/users\/11"}],"replies":[{"embeddable":true,"href":"https:\/\/haut-lac.ch\/fr\/wp-json\/wp\/v2\/comments?post=54786"}],"version-history":[{"count":1,"href":"https:\/\/haut-lac.ch\/fr\/wp-json\/wp\/v2\/posts\/54786\/revisions"}],"predecessor-version":[{"id":54787,"href":"https:\/\/haut-lac.ch\/fr\/wp-json\/wp\/v2\/posts\/54786\/revisions\/54787"}],"wp:featuredmedia":[{"embeddable":true,"href":"https:\/\/haut-lac.ch\/fr\/wp-json\/wp\/v2\/media\/54785"}],"wp:attachment":[{"href":"https:\/\/haut-lac.ch\/fr\/wp-json\/wp\/v2\/media?parent=54786"}],"wp:term":[{"taxonomy":"category","embeddable":true,"href":"https:\/\/haut-lac.ch\/fr\/wp-json\/wp\/v2\/categories?post=54786"},{"taxonomy":"post_tag","embeddable":true,"href":"https:\/\/haut-lac.ch\/fr\/wp-json\/wp\/v2\/tags?post=54786"}],"curies":[{"name":"wp","href":"https:\/\/api.w.org\/{rel}","templated":true}]}}